{"id":6972,"date":"1890-08-03T08:00:34","date_gmt":"1890-08-03T11:07:02","guid":{"rendered":"https:\/\/chiquinhagonzaga.com\/wp\/?p=6972"},"modified":"1890-08-03T08:00:34","modified_gmt":"1890-08-03T11:07:02","slug":"saudade-capricho-elegiaco-dedicado-a-pereira-da-costa-escrito-e-apresentado-ao-piano-por-chiquinha-gonzaga-em-1890","status":"publish","type":"post","link":"https:\/\/chiquinhagonzaga.com\/wp\/saudade-capricho-elegiaco-dedicado-a-pereira-da-costa-escrito-e-apresentado-ao-piano-por-chiquinha-gonzaga-em-1890\/","title":{"rendered":"Saudade, capricho eleg\u00edaco dedicado a Pereira da Costa, escrito e apresentado ao piano por Chiquinha Gonzaga em 1890"},"content":{"rendered":"<p>O peri\u00f3dico <a href=\"https:\/\/chiquinhagonzaga.com\/wp\/wp-content\/uploads\/1890\/08\/RJ-1890-Gazeta-de-Noticias-03-AGO-Concerto-em-beneficio-ao-violinista-Pereira-da-Costa-Chiquinha-participa-scaled-2.jpg\" target=\"_blank\" rel=\"noopener\"><strong>Gazeta de Noticias, RJ, de 3 de agosto de 1890<\/strong><\/a> anunciou um concerto em benef\u00edcio a fam\u00edlia do violinista <strong>Pereira da Costa onde Francisca Gonzaga <\/strong>(Chiquinha Gonzaga) fez parte.<\/p>\n<p><strong><a href=\"https:\/\/chiquinhagonzaga.com\/wp\/wp-content\/uploads\/1890\/08\/RJ-1890-Gazeta-de-Noticias-03-AGO-Concerto-em-beneficio-ao-violinista-Pereira-da-Costa-Chiquinha-participa-1-1.jpg\"><img loading=\"lazy\" decoding=\"async\" class=\"aligncenter size-full wp-image-6984\" src=\"https:\/\/chiquinhagonzaga.com\/wp\/wp-content\/uploads\/1890\/08\/RJ-1890-Gazeta-de-Noticias-03-AGO-Concerto-em-beneficio-ao-violinista-Pereira-da-Costa-Chiquinha-participa-1-1.jpg\" alt=\"\" width=\"800\" height=\"800\" \/><\/a><\/strong><\/p>\n<p>O peri\u00f3dico <a href=\"https:\/\/chiquinhagonzaga.com\/wp\/wp-content\/uploads\/2021\/08\/1980-Novidades-4-ago-Chiquinha-toca-Saudade-scaled-1.jpg\" target=\"_blank\" rel=\"noopener\"><strong>Novidades, RJ, de 4 de agosto de 1890<\/strong> <\/a>anunciou &#8220;benef\u00edcio da viuva e filhos de <strong>Pereira da Costa<\/strong>&#8220;, no Teatro S. Pedro de Alcantara. Entre as apresenta\u00e7\u00f5es musicais, o capricho eleg\u00edaco <strong>Saudade<\/strong>\u00a0escrita e executada ao piano pela distinta maestrina <strong>Francisca Gonzaga<\/strong> (Chiquinha Gonzaga).<\/p>\n<p><a href=\"https:\/\/chiquinhagonzaga.com\/wp\/wp-content\/uploads\/2021\/08\/1980-Novidades-4-ago-Chiquinha-toca-Saudade-.jpg\"><br \/>\n<img loading=\"lazy\" decoding=\"async\" class=\"aligncenter size-full wp-image-6973\" src=\"https:\/\/chiquinhagonzaga.com\/wp\/wp-content\/uploads\/2021\/08\/1980-Novidades-4-ago-Chiquinha-toca-Saudade-.jpg\" alt=\"\" width=\"800\" height=\"800\" srcset=\"https:\/\/chiquinhagonzaga.com\/wp\/wp-content\/uploads\/2021\/08\/1980-Novidades-4-ago-Chiquinha-toca-Saudade-.jpg 800w, https:\/\/chiquinhagonzaga.com\/wp\/wp-content\/uploads\/2021\/08\/1980-Novidades-4-ago-Chiquinha-toca-Saudade--300x300.jpg 300w, https:\/\/chiquinhagonzaga.com\/wp\/wp-content\/uploads\/2021\/08\/1980-Novidades-4-ago-Chiquinha-toca-Saudade--150x150.jpg 150w, https:\/\/chiquinhagonzaga.com\/wp\/wp-content\/uploads\/2021\/08\/1980-Novidades-4-ago-Chiquinha-toca-Saudade--768x768.jpg 768w, https:\/\/chiquinhagonzaga.com\/wp\/wp-content\/uploads\/2021\/08\/1980-Novidades-4-ago-Chiquinha-toca-Saudade--75x75.jpg 75w\" sizes=\"auto, (max-width: 800px) 100vw, 800px\" \/><\/a><\/p>\n<p>Fonte: Hemeroteca Digital \/ Biblioteca Nacional Digital<\/p>\n","protected":false},"excerpt":{"rendered":"<p>O peri\u00f3dico Gazeta de Noticias, RJ, de 3 de agosto de 1890 anunciou um concerto em benef\u00edcio a fam\u00edlia do violinista Pereira da Costa onde Francisca Gonzaga (Chiquinha Gonzaga) fez parte. O peri\u00f3dico Novidades, RJ, de 4 de agosto de 1890 anunciou &#8220;benef\u00edcio da viuva e filhos de Pereira da Costa&#8220;, no Teatro S. Pedro [&hellip;]<\/p>\n","protected":false},"author":1,"featured_media":0,"comment_status":"open","ping_status":"open","sticky":false,"template":"","format":"standard","meta":{"footnotes":""},"categories":[22,8,68],"tags":[94],"class_list":["post-6972","post","type-post","status-publish","format-standard","hentry","category-gazeta-de-noticias","category-imprensa","category-novidades-rj","tag-saudade-capricho-elegiaco"],"_links":{"self":[{"href":"https:\/\/chiquinhagonzaga.com\/wp\/wp-json\/wp\/v2\/posts\/6972","targetHints":{"allow":["GET"]}}],"collection":[{"href":"https:\/\/chiquinhagonzaga.com\/wp\/wp-json\/wp\/v2\/posts"}],"about":[{"href":"https:\/\/chiquinhagonzaga.com\/wp\/wp-json\/wp\/v2\/types\/post"}],"author":[{"embeddable":true,"href":"https:\/\/chiquinhagonzaga.com\/wp\/wp-json\/wp\/v2\/users\/1"}],"replies":[{"embeddable":true,"href":"https:\/\/chiquinhagonzaga.com\/wp\/wp-json\/wp\/v2\/comments?post=6972"}],"version-history":[{"count":0,"href":"https:\/\/chiquinhagonzaga.com\/wp\/wp-json\/wp\/v2\/posts\/6972\/revisions"}],"wp:attachment":[{"href":"https:\/\/chiquinhagonzaga.com\/wp\/wp-json\/wp\/v2\/media?parent=6972"}],"wp:term":[{"taxonomy":"category","embeddable":true,"href":"https:\/\/chiquinhagonzaga.com\/wp\/wp-json\/wp\/v2\/categories?post=6972"},{"taxonomy":"post_tag","embeddable":true,"href":"https:\/\/chiquinhagonzaga.com\/wp\/wp-json\/wp\/v2\/tags?post=6972"}],"curies":[{"name":"wp","href":"https:\/\/api.w.org\/{rel}","templated":true}]}}