{"id":4465,"date":"2019-10-17T06:00:42","date_gmt":"2019-10-17T09:00:42","guid":{"rendered":"http:\/\/chiquinhagonzaga.com\/wp\/?p=4465"},"modified":"2023-05-01T14:23:31","modified_gmt":"2023-05-01T14:23:31","slug":"theatro-municipal-do-rio-de-janeiro-celebra-o-nascimento-de-chiquinha-gonzaga","status":"publish","type":"post","link":"https:\/\/chiquinhagonzaga.com\/wp\/theatro-municipal-do-rio-de-janeiro-celebra-o-nascimento-de-chiquinha-gonzaga\/","title":{"rendered":"Theatro Municipal do Rio de Janeiro celebra o nascimento de Chiquinha Gonzaga"},"content":{"rendered":"\n<p>O Theatro Municipal do Rio de Janeiro, ainda dentro das comemora\u00e7\u00f5es dos seus 110 anos, celebra o&nbsp;anivers\u00e1rio da&nbsp;grande maestrina,&nbsp;<strong>Chiquinha Gonzaga<\/strong>, dia 17 de outubro \u00e0s 11 horas, com entrada franca.<\/p>\n\n\n\n<p>A compositora ser\u00e1 lembrada no concerto \u201c<em><strong>Encontro com Chiquinha Gonzaga<\/strong><\/em>\u201d, pelo o soprano&nbsp;<strong>Neti Szpilman<\/strong>, a pianista&nbsp;<strong>Maria Lu\u00edsa Lundberg<\/strong>&nbsp;e o primeiro clarinetista do Theatro municipal,&nbsp;<strong>Mois\u00e9s Santos<\/strong>.<\/p>\n\n\n\n<p>Neti, tra\u00e7a uma retrospectiva do in\u00edcio do XX e assim segue contando a &nbsp;hist\u00f3ria da trajet\u00f3ria da maestrina emoldurando suas&nbsp;&nbsp;agruras e sucessos, com composi\u00e7\u00f5es, tais como o Abre Alas,&nbsp;Lua Branca, Feijoada Brasileira, Machuca, Beijos, Atraente, \u00c1gua de Vint\u00e9m<\/p>\n\n\n\n<p>Antes do concerto, o p\u00fablico far\u00e1 uma visita guiada ao Theatro Municipal,&nbsp;conhecendo o piano da compositora que, recentemente restaurado, est\u00e1 no foyer e uma exposi\u00e7\u00e3o sobre a grande maestrina.&nbsp; Em seguida, o concerto \u201cUm Encontro com Chiquinha Gonzaga\u201d, no teatro M\u00e1rio Tavares, anexo do Theatro Municipal.<\/p>\n\n\n\n<p>Senhas ser\u00e3o distribu\u00eddas no boulevard do Theatro Municipal ( lateral da Av. 13 de maio), a partir das 10h30, sujeito a lota\u00e7\u00e3o.<\/p>\n\n\n\n<p><strong>PROGRAMA<\/strong><\/p>\n\n\n\n<p><strong>Chiquinha Gonzaga<\/strong><br><em>Abre-Alas&nbsp;<\/em><br><em>Anita&nbsp;<\/em><br><em>Machuca&nbsp;<\/em><br><em>Corte na Ro\u00e7a&nbsp;<\/em><br><em>Mulatinha&nbsp;<\/em><br><em>Medita\u00e7\u00e3o&nbsp;<\/em><br><em>A Feijoada Brasileira<\/em><br><em>N\u00e3o insista Rapariga&nbsp;<\/em><br><em>Lua Branca&nbsp;<\/em><br><em>Corta Jaca&nbsp;<\/em><\/p>\n\n\n\n<p><strong>Chiquinha Gonzaga e Paulo C\u00e9sar Pinheiro<\/strong><br><em>\u00c1gua da Fonte do Vint\u00e9m&nbsp;<\/em><\/p>\n\n\n\n<p><strong>Chiquinha Gonzaga<\/strong><br><em>Tango Brasileiro para Piano&nbsp;<\/em><br><em>Beijo&nbsp;<\/em><br><em>Atraente&nbsp;<\/em><\/p>\n\n\n\n<p><strong>Joaquim Calado e Catulo da Paix\u00e3o Cearense<\/strong><br><em>Flor Amorosa&nbsp;<\/em><\/p>\n\n\n\n<p><strong>Chiquinha Gonzaga<\/strong><br><em>Valsa do Amor<\/em><\/p>\n\n\n\n<p><\/p>\n\n\n\n<p><strong>SERVI\u00c7O<\/strong><\/p>\n\n\n\n<p>Encontro com Chiquinha Gonzaga<\/p>\n\n\n\n<p>Dia 17 de outubro, quinta-feira, \u00e0s 11h<\/p>\n\n\n\n<p>Theatro Municipal do Rio de Janeiro (Pra\u00e7a Marechal Floriano, s\/no. \u2013 Centro \u2013 Rio \u2013 2332 9191)<\/p>\n\n\n\n<p>Entrada Franca \u2013 Distribui\u00e7\u00e3o de Senhas a partir das 10h30 na entrada lateral da Rua 13 de Maio.\u00a0<\/p>\n\n\n\n<p>Sujeito a lota\u00e7\u00e3o<\/p>\n\n\n\n<p><strong>Neti Szpilman<\/strong>&nbsp;\u2013 voz<\/p>\n\n\n\n<p>\u201c<em>Equil\u00edbrio entre qualidade vocal e desenvoltura teatral<\/em>.\u201d&nbsp; Luiz Paulo Horta Cr\u00edtico musical de \u201cO Globo\u201d<\/p>\n\n\n\n<p>O soprano Neti Szpilman destaca-se pela versatilidade.&nbsp; Possui vasta experi\u00eancia camer\u00edstica e em musicais.&nbsp; Dedica-se atualmente ao canto l\u00edrico. Tem atuado como solista em grandes produ\u00e7\u00f5es como: Turandot (Li\u00fa), As Bodas de F\u00edgaro (Condessa), Il Triptico, Electra, Fosca (papel t\u00edtulo), O Condor (Odal\u00e9ia), Vi\u00fava Alegre (Valentina), Cavaleria Rusticana (Lola), Norma (Clotilde), Carmen (Mercedes), La Traviata (Flora), entre outras.<\/p>\n\n\n\n<p>Na \u00e1rea de m\u00fasica erudita contempor\u00e2nea, trabalha com a compositora Jocy de Oliveira, tendo participado do Festival Internacional de Mulheres Compositoras. Apresentou-se na 1a. Audi\u00e7\u00e3o de Composi\u00e7\u00f5es Brasileiras e esteve nos espet\u00e1culos da s\u00e9rie Palavras Brasileiras \u2013 Momentos da Hist\u00f3ria do Brasil em M\u00fasica.<\/p>\n\n\n\n<p>Em Israel, participou do Festival de Ver\u00e3o de Jerusal\u00e9m, cantando \u00e1rias e can\u00e7\u00f5es de Carlos Gomes. Em Freiburg, na Alemanha, apresentou-se com \u00e1rias de Wagner, Lieds e can\u00e7\u00f5es de Villa-Lobos.&nbsp; \u00c9 integrante, como corista, do Theatro Municipal do Rio de Janeiro.<\/p>\n\n\n\n<p><strong>Maria Lu\u00edsa Lundberg<\/strong>&nbsp;\u2013 piano<\/p>\n\n\n\n<p>Pianista acompanhadora da UNIRIO. Formada Bacharel em piano, aperfei\u00e7oou-se com Marcelo Verzoni, Olga Kiun, S\u00f4nia Vieira ,&nbsp; Luiz Senise e L\u00edcia Lucas. Como professora, trabalhou durante 34 anos no Rio de Janeiro e em Maca\u00e9.&nbsp; Teve diversos alunos premiados em concursos nacionais de piano.<\/p>\n\n\n\n<p>Durante 18 anos foi presidente da Sociedade Musical Macaense, entidade sem fins lucrativos, cuja finalidade \u00e9 a organiza\u00e7\u00e3o de concertos de m\u00fasica erudita e instrumental brasileira, na cidade de Maca\u00e9. Nomes importantes da m\u00fasica brasileira estiveram presentes em sua s\u00e9rie, tais como Hermeto Pascoal, Baden Powell, Yamand\u00fa Costa, Eud\u00f3xia de Barros, Quarteto Maogani, Trio Madeira Brasil, entre outros.<\/p>\n\n\n\n<p>Concluiu p\u00f3s-gradua\u00e7\u00e3o em M\u00fasica de C\u00e2mara, tendo como orientador o violoncelista David Chew em 2012 e, no ano seguinte, concluiu a p\u00f3s-gradua\u00e7\u00e3o em Piano de Acompanhamento, tendo como orientadora Maria Teresa Madeira, ambas pelo Conservat\u00f3rio Brasileiro de M\u00fasica.<\/p>\n\n\n\n<p>Como camerista, ganhou o primeiro lugar no 2\u00ba Concurso Eduardo Tagliatti, na cidade de Juiz de Fora neste ano (2012), com Dhiego Lima, violinista. Conquistou tamb\u00e9m o 2\u00ba lugar neste mesmo concurso com o flautista Guilherme Andreas e pr\u00eamio de melhor interpreta\u00e7\u00e3o de m\u00fasica do s\u00e9culo XX (sonata para flauta e piano de Prokofieff).<\/p>\n\n\n\n<p>Como camerista, apresenta-se regularmente com a&nbsp; cantora Neti Szpilman no projeto \u201c Um encontro com Chiquinha Gonzaga\u201d, onde no ano de 2015,&nbsp; fizeram tourn\u00e9e ao Nordeste, nas cidades de Jo\u00e3o Pessoa, Recife, Macei\u00f3, Aracaju.<\/p>\n\n\n\n<p>Como correpetidora, trabalhou na opereta Caso no J\u00fari, de Gilbert e Sullivan ( UFRJ) e tamb\u00e9m junto ao maestro Ueslei Banus, no Coro Polifonia Carioca, no CBM. Junto com o coro Polifonia Carioca, sob a dire\u00e7\u00e3o de Ueslei Banus, foi uma das pianistas solistas na apresenta\u00e7\u00e3o da Carmina Burana, de Carl Orff, no teatro da UERJ, em 2013.<\/p>\n\n\n\n<p>Participou de v\u00e1rios festivais como o de Vassouras, o Rio Cello-Encounter e o Festival Villa-Lobos. Em 2013, foi contemplada junto com Guilherme Andreas com Men\u00e7\u00e3o Honrosa.<\/p>\n\n\n\n<p>Foi diretora musical e pianista da \u00f3pera Domitila, de Jo\u00e3o Guilherme Ripper,&nbsp; encenada no Teatro Municipal de Niter\u00f3i, em julho de 2013, com a soprano Neti Szpilman no papel-t\u00edtulo. Recebendo excelente cr\u00edtica do jornalista&nbsp;&nbsp; Marcus G\u00f3es.<\/p>\n\n\n\n<p>Participou, como convidada, do Festival Conex\u00f5es Musicais, promovido pela parceria entre UFF e UniRio, tocando com o fagotista Elione Medeiros. reconhecido internacionalmente pelo seu talento e virtuosismo..<\/p>\n\n\n\n<p>Atualmente integra o Athemis Quarteto, junto com as cantoras l\u00edricas Chiara Santoro, Marina Considera e Luciana Costa e Silva.<\/p>\n\n\n\n<p><strong>Mois\u00e9s Santos<\/strong>&nbsp;\u2013 clarinete<\/p>\n\n\n\n<p>Bacharel em clarineta, formado pela UFRJ. Atualmente integra a Orquestra Sinf\u00f4nica do Theatro Municipal do Estado do Rio de Janeiro e a Orquestra Filarm\u00f4nica do RJ. Participou de diversas orquestras, como Orquestra Sinf\u00f4nica Brasileira, Orquestra Amazonas Filarm\u00f4nica, Orquestra Petrobras Pr\u00f3 M\u00fasica e Orquestra Sinf\u00f4nica Nacional. Recebeu duas Mo\u00e7\u00f5es Honrosas da C\u00e2mara Municipal do Rio de Janeiro pelas atividades musicais.<\/p>\n\n\n\n<p>Em sua trajet\u00f3ria, atuou em salas de concertos do Rio de Janeiro e de outros estados, dentre as quais destacamos: Sexta Noturna, Teatro Municipal de Ouro Preto, MG; Teatro da UFF, em Niter\u00f3i, RJ (com o quarteto de clarinetas Quarta Justa); Porto Alegre, RS&nbsp; (com a Camerata Amadeus) e Campos de Jord\u00e3o, SP, tamb\u00e9m participou como solista em r\u00e9cita do bal\u00e9 Lar Loubovich,&nbsp; na qual executou o Concerto em L\u00e1 K. 622 de Mozart, acompanhado pela Orquestra Sinf\u00f4nica Brasileira no Theatro Municipal do RJ.<\/p>\n\n\n\n<p>Foi solista da temporada oficial da ORSEM (Orquestra Sinf\u00f4nica da Escola de M\u00fasica da UFRJ), executando o&nbsp; concertino de Mignone. No XVII Concerto da Temporada Oficial da UFRJazz Ensemble, foi solista de Prelude, Fugue and Riffs de Leonard Bernstein. Participou do programa Sala de Concerto, produzido por Lauro Gomes para a R\u00e1dio MEC com a pianista Yuka Shimizu e a soprano Neti Szpilman, executando repert\u00f3rio de Francisco Mignone, nos quais se destaca Sonata para clarineta solo, em 3 movimentos. \u00c9 o primeiro clarinetista do Theatro Municipal do Rio de Janeiro<\/p>\n\n\n\n<p>Fonte: https:\/\/www.movimento.com\/2019\/10\/encontro-com-chiquinha-gonzaga-3\/\u00a0<\/p>\n","protected":false},"excerpt":{"rendered":"<p>O Theatro Municipal do Rio de Janeiro, ainda dentro das comemora\u00e7\u00f5es dos seus 110 anos, celebra o&nbsp;anivers\u00e1rio da&nbsp;grande maestrina,&nbsp;Chiquinha Gonzaga, dia 17 de outubro \u00e0s 11 horas, com entrada franca. A compositora ser\u00e1 lembrada no concerto \u201cEncontro com Chiquinha Gonzaga\u201d, pelo o soprano&nbsp;Neti Szpilman, a pianista&nbsp;Maria Lu\u00edsa Lundberg&nbsp;e o primeiro clarinetista do Theatro municipal,&nbsp;Mois\u00e9s Santos. [&hellip;]<\/p>\n","protected":false},"author":1,"featured_media":4466,"comment_status":"open","ping_status":"open","sticky":false,"template":"","format":"standard","meta":{"footnotes":""},"categories":[15,11],"tags":[325,142,329,283,16,326,145,183,196,96,24,153,328,197,327],"class_list":["post-4465","post","type-post","status-publish","format-standard","has-post-thumbnail","hentry","category-noticias","category-obra","tag-a-mulatinha","tag-agua-do-vintem","tag-amor","tag-annita","tag-atraente","tag-feijoada-do-brasil","tag-gaucho-corta-jaca","tag-luabranca","tag-machuca","tag-meditacao","tag-nao-insista-rapariga","tag-o-abre-alas","tag-o-beijo","tag-osnamoradosdalua","tag-tango-brasileiro"],"_links":{"self":[{"href":"https:\/\/chiquinhagonzaga.com\/wp\/wp-json\/wp\/v2\/posts\/4465","targetHints":{"allow":["GET"]}}],"collection":[{"href":"https:\/\/chiquinhagonzaga.com\/wp\/wp-json\/wp\/v2\/posts"}],"about":[{"href":"https:\/\/chiquinhagonzaga.com\/wp\/wp-json\/wp\/v2\/types\/post"}],"author":[{"embeddable":true,"href":"https:\/\/chiquinhagonzaga.com\/wp\/wp-json\/wp\/v2\/users\/1"}],"replies":[{"embeddable":true,"href":"https:\/\/chiquinhagonzaga.com\/wp\/wp-json\/wp\/v2\/comments?post=4465"}],"version-history":[{"count":4,"href":"https:\/\/chiquinhagonzaga.com\/wp\/wp-json\/wp\/v2\/posts\/4465\/revisions"}],"predecessor-version":[{"id":9063,"href":"https:\/\/chiquinhagonzaga.com\/wp\/wp-json\/wp\/v2\/posts\/4465\/revisions\/9063"}],"wp:featuredmedia":[{"embeddable":true,"href":"https:\/\/chiquinhagonzaga.com\/wp\/wp-json\/wp\/v2\/media\/4466"}],"wp:attachment":[{"href":"https:\/\/chiquinhagonzaga.com\/wp\/wp-json\/wp\/v2\/media?parent=4465"}],"wp:term":[{"taxonomy":"category","embeddable":true,"href":"https:\/\/chiquinhagonzaga.com\/wp\/wp-json\/wp\/v2\/categories?post=4465"},{"taxonomy":"post_tag","embeddable":true,"href":"https:\/\/chiquinhagonzaga.com\/wp\/wp-json\/wp\/v2\/tags?post=4465"}],"curies":[{"name":"wp","href":"https:\/\/api.w.org\/{rel}","templated":true}]}}