{"id":435,"date":"2006-09-02T00:00:00","date_gmt":"2006-09-02T00:00:00","guid":{"rendered":"http:\/\/chiquinhagonzaga.com\/wp\/?p=435"},"modified":"2024-09-24T15:26:57","modified_gmt":"2024-09-24T15:26:57","slug":"broche-de-ouro","status":"publish","type":"post","link":"https:\/\/chiquinhagonzaga.com\/wp\/broche-de-ouro\/","title":{"rendered":"Descoberto o famoso broche de ouro de Chiquinha Gonzaga."},"content":{"rendered":"\n<blockquote class=\"wp-block-quote is-layout-flow wp-block-quote-is-layout-flow\">\n<p>\u201cNo in\u00edcio da sua carreira art\u00edstica, logo ap\u00f3s o sucesso de A corte na ro\u00e7a, os cr\u00edticos teatrais da \u00e9poca reuniram-se para realizar uma carinhosa homenagem. Jos\u00e9 do Patroc\u00ednio, da Cidade do Rio, Oscar Guanabarino, de O Pa\u00eds, dr. Luiz de Castro, do Jornal do Commercio, Ferreira de Ara\u00fajo, da Gazeta de Not\u00edcias, Camarat e outros, depois de um dos espet\u00e1culos, ofereceram \u00e0 nova artista um lindo broche de ouro \u2013 uma pauta com as primeiras notas da partitura triunfante. Esse mimo foi para a musicista um verdadeiro talism\u00e3. Usava-o habitualmente.\u201d (Mariza Lira)<\/p>\n<\/blockquote>\n\n\n<div class=\"wp-block-image\">\n<figure class=\"aligncenter size-full is-resized\"><a href=\"https:\/\/chiquinhagonzaga.com\/wp\/wp-content\/uploads\/1885\/01\/broche3.jpg\"><img loading=\"lazy\" decoding=\"async\" width=\"800\" height=\"301\" src=\"https:\/\/chiquinhagonzaga.com\/wp\/wp-content\/uploads\/1885\/01\/broche3.jpg\" alt=\"Broche de ouro que Chiquinha Gonzaga recebeu de amigos e que a acompanhou at\u00e9 o fim de sua vida. Fonte: Reprodu\u00e7\u00e3o do acervo do Museu da Rep\u00fablica, Rio de Janeiro\/RJ\" class=\"wp-image-1764\" style=\"width:555px;height:209px\" srcset=\"https:\/\/chiquinhagonzaga.com\/wp\/wp-content\/uploads\/1885\/01\/broche3.jpg 800w, https:\/\/chiquinhagonzaga.com\/wp\/wp-content\/uploads\/1885\/01\/broche3-300x113.jpg 300w, https:\/\/chiquinhagonzaga.com\/wp\/wp-content\/uploads\/1885\/01\/broche3-768x289.jpg 768w\" sizes=\"auto, (max-width: 800px) 100vw, 800px\" \/><\/a><figcaption class=\"wp-element-caption\">Broche de ouro que Chiquinha Gonzaga recebeu de amigos e que a acompanhou at\u00e9 o fim de sua vida. Fonte: Reprodu\u00e7\u00e3o do acervo do Museu da Rep\u00fablica, Rio de Janeiro\/RJ<\/figcaption><\/figure>\n<\/div>\n\n\n<p>A joia que se tornou uma marca da compositora finalmente pode ser visto de perto. Jo\u00e3ozinho, companheiro de Chiquinha Gonzaga, havia presenteado com o broche a primeira bi\u00f3grafa de Chiquinha, a jornalista Mariza Lira (1899-1971), no final dos anos 1930. Ap\u00f3s a morte da jornalista, a joia permaneceu em poder de sua filha adotiva e herdeira, Luiza Maria de Araujo Lima (06\/03\/1928 &#8211; 18\/07\/2019), residente no Rio de Janeiro. Em 2000, Dona Luiza resolveu depositar a joia no Museu da Rep\u00fablica.\u00a0Em visita ao Rio de Janeiro em setembro de 2006, o editor geral do site ChiquinhaGonzaga.com, obteve autoriza\u00e7\u00e3o da coordena\u00e7\u00e3o do Museu, por meio de Karla Estelita Godoy, para ter acesso \u00e0 joia, fotograf\u00e1-la e divulg\u00e1-la com primazia.<\/p>\n\n\n<div class=\"wp-block-image\">\n<figure class=\"aligncenter size-full is-resized\"><a href=\"https:\/\/chiquinhagonzaga.com\/wp\/wp-content\/uploads\/2013\/06\/Chiquinha-broche.jpg\"><img loading=\"lazy\" decoding=\"async\" width=\"300\" height=\"375\" src=\"https:\/\/chiquinhagonzaga.com\/wp\/wp-content\/uploads\/2013\/06\/Chiquinha-broche.jpg\" alt=\"\" class=\"wp-image-849\" style=\"width:300px;height:375px\" srcset=\"https:\/\/chiquinhagonzaga.com\/wp\/wp-content\/uploads\/2013\/06\/Chiquinha-broche.jpg 300w, https:\/\/chiquinhagonzaga.com\/wp\/wp-content\/uploads\/2013\/06\/Chiquinha-broche-240x300.jpg 240w\" sizes=\"auto, (max-width: 300px) 100vw, 300px\" \/><\/a><figcaption class=\"wp-element-caption\">Chiquinha Gonzaga, 47 anos. Fonte: Chiquinha Gonzaga, Edinha Diniz 2001<\/figcaption><\/figure>\n<\/div>\n\n\n<blockquote class=\"wp-block-quote is-layout-flow wp-block-quote-is-layout-flow\">\n<p>&#8220;Yara, cora\u00e7\u00e3o de fogo. Valsa de concerto: Temos informa\u00e7\u00e3o desta valsa pela imprensa da \u00e9poca, quando esta noticiou a r\u00e9cita em benef\u00edcio a Chiquinha Gonzaga no Teatro Recreio Dram\u00e1tico, em 29 de julho de 1885, festa a que tinha direito como autora da m\u00fasica da pe\u00e7a A filha do Guedes. A Semana, de 1\u00ba\/08\/1885, comenta: \u201cA autora tocou em p\u00fablico pela primeira vez, num velho piano, sua valsa Yara. Foi muito aplaudida, e recebeu dos seus muitos admiradores v\u00e1rios mimos de valor, muitos ramalhetes e uma bonita coroa.\u201d<\/p>\n<\/blockquote>\n\n\n\n<p>O mimo de valor a que se refere a mat\u00e9ria \u00e9 o famoso broche de ouro com uma pauta musical, contendo as primeiras notas do tema de outra valsa sua, Walkyria, que a compositora passou a usar como verdadeiro talism\u00e3. Foi-lhe oferecido pelos cr\u00edticos teatrais Jos\u00e9 do Patroc\u00ednio, de Cidade do Rio, Oscar Guanabarino, de O Pa\u00eds, Luiz de Castro, do Jornal do Commercio, Ferreira de Ara\u00fajo, da Gazeta de Not\u00edcias, Camarat, e outros. [Este broche encontra-se no Museu da Rep\u00fablica, no Rio de Janeiro.]&#8221; Edinha Diniz, 2011 para o Acervo Digital Chiquinha Gonzaga<\/p>\n\n\n<div class=\"wp-block-image\">\n<figure class=\"aligncenter size-full\"><img loading=\"lazy\" decoding=\"async\" width=\"470\" height=\"354\" src=\"https:\/\/chiquinhagonzaga.com\/wp\/wp-content\/uploads\/2013\/07\/4-DSC02738.jpg\" alt=\"\" class=\"wp-image-1329\" srcset=\"https:\/\/chiquinhagonzaga.com\/wp\/wp-content\/uploads\/2013\/07\/4-DSC02738.jpg 470w, https:\/\/chiquinhagonzaga.com\/wp\/wp-content\/uploads\/2013\/07\/4-DSC02738-300x226.jpg 300w\" sizes=\"auto, (max-width: 470px) 100vw, 470px\" \/><figcaption class=\"wp-element-caption\">Beth Abel, Luiza Maria, Wandrei Braga e Edinha Diniz<\/figcaption><\/figure>\n<\/div>","protected":false},"excerpt":{"rendered":"<p>\u201cNo in\u00edcio da sua carreira art\u00edstica, logo ap\u00f3s o sucesso de A corte na ro\u00e7a, os cr\u00edticos teatrais da \u00e9poca reuniram-se para realizar uma carinhosa homenagem. Jos\u00e9 do Patroc\u00ednio, da Cidade do Rio, Oscar Guanabarino, de O Pa\u00eds, dr. Luiz de Castro, do Jornal do Commercio, Ferreira de Ara\u00fajo, da Gazeta de Not\u00edcias, Camarat e [&hellip;]<\/p>\n","protected":false},"author":1,"featured_media":454,"comment_status":"open","ping_status":"open","sticky":false,"template":"","format":"standard","meta":{"footnotes":""},"categories":[323,15,11],"tags":[45],"class_list":["post-435","post","type-post","status-publish","format-standard","has-post-thumbnail","hentry","category-exclusivo","category-noticias","category-obra","tag-walkyria"],"_links":{"self":[{"href":"https:\/\/chiquinhagonzaga.com\/wp\/wp-json\/wp\/v2\/posts\/435","targetHints":{"allow":["GET"]}}],"collection":[{"href":"https:\/\/chiquinhagonzaga.com\/wp\/wp-json\/wp\/v2\/posts"}],"about":[{"href":"https:\/\/chiquinhagonzaga.com\/wp\/wp-json\/wp\/v2\/types\/post"}],"author":[{"embeddable":true,"href":"https:\/\/chiquinhagonzaga.com\/wp\/wp-json\/wp\/v2\/users\/1"}],"replies":[{"embeddable":true,"href":"https:\/\/chiquinhagonzaga.com\/wp\/wp-json\/wp\/v2\/comments?post=435"}],"version-history":[{"count":6,"href":"https:\/\/chiquinhagonzaga.com\/wp\/wp-json\/wp\/v2\/posts\/435\/revisions"}],"predecessor-version":[{"id":10850,"href":"https:\/\/chiquinhagonzaga.com\/wp\/wp-json\/wp\/v2\/posts\/435\/revisions\/10850"}],"wp:featuredmedia":[{"embeddable":true,"href":"https:\/\/chiquinhagonzaga.com\/wp\/wp-json\/wp\/v2\/media\/454"}],"wp:attachment":[{"href":"https:\/\/chiquinhagonzaga.com\/wp\/wp-json\/wp\/v2\/media?parent=435"}],"wp:term":[{"taxonomy":"category","embeddable":true,"href":"https:\/\/chiquinhagonzaga.com\/wp\/wp-json\/wp\/v2\/categories?post=435"},{"taxonomy":"post_tag","embeddable":true,"href":"https:\/\/chiquinhagonzaga.com\/wp\/wp-json\/wp\/v2\/tags?post=435"}],"curies":[{"name":"wp","href":"https:\/\/api.w.org\/{rel}","templated":true}]}}