{"id":3218,"date":"2015-10-22T14:18:41","date_gmt":"2015-10-22T16:18:41","guid":{"rendered":"http:\/\/chiquinhagonzaga.com\/wp\/?p=3218"},"modified":"2023-05-07T23:50:24","modified_gmt":"2023-05-07T23:50:24","slug":"exclusiva-com-a-pianista-talitha-peres","status":"publish","type":"post","link":"https:\/\/chiquinhagonzaga.com\/wp\/exclusiva-com-a-pianista-talitha-peres\/","title":{"rendered":"Exclusiva com a pianista Talitha Peres"},"content":{"rendered":"\n<p>Pioneira nos estudos sobre a&nbsp;obra de Chiquinha Gonzaga, pianista&nbsp;Talitha Peres&nbsp;revela sua hist\u00f3ria com a compositora. <strong>Talitha Peres<\/strong>, pianista mineira, de Montes Claros-MG), mestre em&nbsp;musicologia pelo Conservat\u00f3rio Brasileiro de M\u00fasica do Rio de&nbsp;Janeiro- RJ, fez sua forma\u00e7\u00e3o t\u00e9cnica e musical com a Prof\u00aa&nbsp;Marina Lorenzo Fernandez Silva, em Montes Claros, MG. Gravou&nbsp;um CD totalmente dedicado \u00e0 obra pian\u00edstica de Chiquinha&nbsp;Gonzaga (Cl\u00e1ssicos e In\u00e9ditos de Chiquinha Gonzaga),&nbsp;resultado da sua tese de mestrado sobre a compositora.<\/p>\n\n\n<div class=\"wp-block-image\">\n<figure class=\"aligncenter size-large\"><img loading=\"lazy\" decoding=\"async\" width=\"1024\" height=\"683\" src=\"https:\/\/chiquinhagonzaga.com\/wp\/wp-content\/uploads\/2015\/10\/talitha-Peres-1024x683.jpg\" alt=\"\" class=\"wp-image-3220\" srcset=\"https:\/\/chiquinhagonzaga.com\/wp\/wp-content\/uploads\/2015\/10\/talitha-Peres-1024x683.jpg 1024w, https:\/\/chiquinhagonzaga.com\/wp\/wp-content\/uploads\/2015\/10\/talitha-Peres-300x200.jpg 300w, https:\/\/chiquinhagonzaga.com\/wp\/wp-content\/uploads\/2015\/10\/talitha-Peres-768x512.jpg 768w, https:\/\/chiquinhagonzaga.com\/wp\/wp-content\/uploads\/2015\/10\/talitha-Peres-1140x760.jpg 1140w, https:\/\/chiquinhagonzaga.com\/wp\/wp-content\/uploads\/2015\/10\/talitha-Peres.jpg 1299w\" sizes=\"auto, (max-width: 1024px) 100vw, 1024px\" \/><figcaption class=\"wp-element-caption\">Talitha Peres, pianista <\/figcaption><\/figure>\n<\/div>\n\n\n<p><strong>1 Quando voc\u00ea teve contato com a obra&nbsp;de Chiquinha e o que encontrou?<\/strong><\/p>\n\n\n\n<p>Em 1990, cheguei ao Rio de Janeiro, vindo de Montes Claros, interior de Minas Gerais, com o objetivo de cursar o mestrado em Musicologia no Conservat\u00f3rio Brasileiro de M\u00fasica do Rio de Janeiro.<\/p>\n\n\n\n<p>Desde o inicio do curso pensei em fazer um trabalho que mostrasse a trajet\u00f3ria da mulher na m\u00fasica. Em princ\u00edpio seria um paralelo entre duas compositoras de \u00e9pocas diferentes que se intitularia &#8220;Dois momentos, dois contextos&#8221;. De cara me veio o nome da compositora Chiquinha Gonzaga, com uma hist\u00f3ria de vida incr\u00edvel, uma obra muito vasta, pioneira na m\u00fasica, n\u00e3o s\u00f3 como compositora mas tamb\u00e9m como pianista,&nbsp; ativista pol\u00edtica, etc. <a href=\"http:\/\/chiquinhagonzaga.com\/wp\/acervo-chiquinha-gonzaga-e-transferido-para-o-instituto-moreira-salles\/\" target=\"_blank\" rel=\"noreferrer noopener\">Fui \u00e0 procura do seu material na SBAT<\/a> (Sociedade Brasileira de Autores Teatrais, da qual foi a \u00fanica mulher fundadora) e fiquei impressionada com tudo o que encontrava. Seria dif\u00edcil uma outra compositora com hist\u00f3ria de vida semelhante e de grande participa\u00e7\u00e3o na vida musical para um paralelo, o que me fez optar por um estudo somente sobre a compositora Chiquinha Gonzaga.<\/p>\n\n\n\n<p><strong>&nbsp;2 Por que a ideia de trabalhar os tangos de Chiquinha em sua disserta\u00e7\u00e3o?<\/strong><\/p>\n\n\n\n<p>A ideia da realiza\u00e7\u00e3o do meu trabalho, intitulado<a href=\"http:\/\/chiquinhagonzaga.com\/wp\/os-tangos-para-piano-de-chiquinha-gonzaga-uma-analise-descritiva\/\" target=\"_blank\" rel=\"noreferrer noopener\"> \u201cOs Tangos para Piano de Chiquinha Gonzaga, Uma An\u00e1lise Descritiva\u201d<\/a>, cuja defesa de tese ocorreu no dia 16 de mar\u00e7o de 1995, nasceu, basicamente, da observa\u00e7\u00e3o do universo mais reduzido de mulheres criadoras de bens musicais, em compara\u00e7\u00e3o ao universo masculino, estando claramente, as mulheres, muito mais destacadas como int\u00e9rpretes da cria\u00e7\u00e3o masculina. Ali\u00e1s, numa vis\u00e3o hist\u00f3rica das atividades art\u00edsticas, de maneira geral, v\u00ea-se nitidamente a mulher muito mais ami\u00fade como int\u00e9rprete da cria\u00e7\u00e3o masculina do que propriamente como criadora do bem art\u00edstico.<\/p>\n\n\n\n<p>Como objeto de pesquisa do meu trabalho, n\u00e3o poderia deixar de escolher, portanto, o maior vulto feminino na hist\u00f3ria da m\u00fasica popular brasileira, ou seja: Chiquinha Gonzaga, considerada n\u00e3o s\u00f3 uma pioneira, como tamb\u00e9m um marco na cria\u00e7\u00e3o musical nacional. A hist\u00f3ria da maestrina Chiquinha Gonzaga se entrela\u00e7a com a hist\u00f3ria do pr\u00f3prio pa\u00eds. Chiquinha viveu, combateu, participou e criou m\u00fasica numa \u00e9poca particularmente expressiva da hist\u00f3ria brasileira, \u00e9poca onde propriamente se forjou a cultura nacional; numa \u00e9poca de ampla participa\u00e7\u00e3o pol\u00edtica da popula\u00e7\u00e3o na campanha abolicionista.<\/p>\n\n\n\n<p>A contribui\u00e7\u00e3o de Chiquinha Gonzaga na forma\u00e7\u00e3o de uma identidade nacional no \u00e2mbito da m\u00fasica e o seu engajamento em quest\u00f5es fundamentais do per\u00edodo em que viveu, fazem da sua biografia um documento hist\u00f3rico da maior relev\u00e2ncia para a nossa cultura. Apesar de sua import\u00e2ncia hist\u00f3rica e musical, Chiquinha Gonzaga era muito pouco conhecida, o que nos levou a tentar resgatar a obra pian\u00edstica da autora em quest\u00e3o, mais especificamente, a ter como objetivo na disserta\u00e7\u00e3o, o estudo sobre os tangos para piano.<\/p>\n\n\n\n<p><strong>3 A ideia de gravar um CD com m\u00fasicas de Chiquinha surgiu antes ou depois da disserta\u00e7\u00e3o?<\/strong><\/p>\n\n\n\n<p>Durante o processo de pesquisa sobre a compositora fiquei encantada com aquele universo criativo ao qual tive acesso o que imediatamente despertou em mim o desejo de registrar parte da sua obra num CD, o que acabou acontecendo em 1999 com o apoio da prefeitura do Rio de Janeiro, da RioArte, numa realiza\u00e7\u00e3o do Conservat\u00f3rio Brasileiro de Musica do Rio de Janeiro (CBM). Apesar do trabalho sobre os tangos para piano, o CD conta com um repert\u00f3rio variado, incluindo tangos, polcas, valsas, mazurcas, habaneras, gavotas e lund\u00fas.<\/p>\n\n\n\n<p><strong>4 O que Chiquinha trouxe de relevante para sua vida profissional?<\/strong><\/p>\n\n\n\n<p>Sempre fui apaixonada pela m\u00fasica brasileira, Chiquinha intensificou em mim o desejo de conhecer ainda mais a nossa m\u00fasica.<\/p>\n\n\n\n<p>Chiquinha me proporcionou grandes momentos em apresenta\u00e7\u00f5es n\u00e3o s\u00f3 aqui no Brasil com tamb\u00e9m em Londres (Inglaterra), K\u00f4ln e Bonn (Alemanha), Lisboa e Santar\u00e9m, Aveiro e Arouca (Portugal), Caracas e M\u00e9rida (Venezuela). A m\u00fasica dela \u00e9 contagiante e sucesso garantido. Mesmo sendo uma pianista cl\u00e1ssica, consegui entrar no universo dela e me sentir \u00e0 vontade na interpreta\u00e7\u00e3o. Tive oportunidade tamb\u00e9m de demonstrar o meu trabalho de pesquisa atrav\u00e9s de palestras ilustradas divulgando a obra pian\u00edstica da Chiquinha e mostrando a import\u00e2ncia dela na m\u00fasica brasileira.<\/p>\n\n\n\n<p><strong>5 Vinte anos depois de escrever sobre a m\u00fasica de Chiquinha, qual o impacto em sua carreia e, atualmente o que isso representa?<\/strong><\/p>\n\n\n\n<p>Chiquinha continua sempre presente no meu repert\u00f3rio.<\/p>\n\n\n\n<p>Em 2013 o projeto Esta\u00e7\u00f5es Musicais na Unimontes sob a minha coordena\u00e7\u00e3o, homenageou a Compositora com o concerto &#8220;Chiquinha Gonzaga em Noite de Gala&#8221; num grande evento dentro das comemora\u00e7\u00f5es dos 50 anos da UNIMONTES (Universidade Estadual de Montes Claros &#8211; MG)<\/p>\n\n\n\n<p>Em mar\u00e7o de 2014, estive me apresentando em Londres, Lisboa, Aveiro e Arouca em duo com a soprano Magda Belloti e como sempre alguns solos com m\u00fasicas da Chiquinha fizeram parte dos programas.<\/p>\n\n\n\n<p>O Minas T\u00eanis Clube por diversas vezes brindou o p\u00fablico de Belo Horizonte com a minha interpreta\u00e7\u00e3o e m\u00fasica de Chiquinha Gonzaga.<\/p>\n\n\n\n<p>A m\u00fasica da Chiquinha me proporcionou tamb\u00e9m uma parceria com a minha filha Juliana Peres, que hoje enriquece o meu trabalho executando as can\u00e7\u00f5es da compositora.<\/p>\n\n\n\n<p>Agora em outubro, m\u00eas do anivers\u00e1rio de Chiquinha, farei uma apresenta\u00e7\u00e3o s\u00f3 com o repert\u00f3rio dela, no Audit\u00f3rio do CBM, Conservat\u00f3rio Brasileiro de M\u00fasica do Rio de Janeiro, dentro da S\u00e9rie de quarta-feira, no dia 28 de outubro \u00e0s 18:30 h.<\/p>\n\n\n\n<p>Al\u00e9m da liga\u00e7\u00e3o do meu nome como int\u00e9rprete da Chiquinha Gonzaga, tem tamb\u00e9m o lado acad\u00eamico, onde como professora universit\u00e1ria fiz diversas palestras, inclusive na Alemanha, onde na Universidade de K\u00f4ln e em Portugal, no Conservat\u00f3rio de Aveiro, ministrei palestras sobre a vida e obra da compositora procurando sempre divulgar a obra pian\u00edstica da compositora que \u00e9 sempre muito bem recebida pelo p\u00fablico.<\/p>\n\n\n\n<p>Como int\u00e9rprete e como professora universit\u00e1ria, Chiquinha se faz sempre presente na minha vida profissional.<\/p>\n\n\n\n<p><strong>6 O que voc\u00ea sugeriria aos estudantes de m\u00fasica sobre o universo musical de Chiquinha Gonzaga?<\/strong><\/p>\n\n\n\n<p>Que mergulhem na obra dela, que \u00e9 linda, bem brasileira, enorme, muito importante na hist\u00f3ria da m\u00fasica nacional e com certeza de grande receptividade pelo p\u00fablico, de qualquer nacionalidade.<\/p>\n\n\n\n<p>Em fun\u00e7\u00e3o da amplitude da obra de Chiquinha Gonzaga, o meu trabalho foi apenas um esfor\u00e7o inicial no sentido de resgatar a obra de t\u00e3o importante compositora. Seria necess\u00e1rio que outros esfor\u00e7os dessem continuidade ao que j\u00e1 foi realizado para que a m\u00fasica de Chiquinha seja colocada cada vez mais em evid\u00eancia.<\/p>\n\n\n\n<p>Ela tem uma obra vast\u00edssima, portanto muita coisa a ser desvendada.<\/p>\n\n\n\n<p><strong>7 Ao&nbsp;estudar com profundidade os tangos de Chiquinha qual seria o impacto em rela\u00e7\u00e3o a sua hist\u00f3ria de vida e na&nbsp;m\u00fasica brasileira?<\/strong><\/p>\n\n\n\n<p>O estudo da obra de Chiquinha Gonzaga me possibilitou grande conhecimento est\u00e9tico e hist\u00f3rico acerca da m\u00fasica brasileira, considerando que tratar de uma compositora de grande valor para a produ\u00e7\u00e3o da m\u00fasica popular nacional, que muito contribuiu para a difus\u00e3o e a valoriza\u00e7\u00e3o da m\u00fasica do pa\u00eds.<\/p>\n\n\n\n<p>O pioneirismo do seu comportamento lhe d\u00e1 um lugar de destaque na hist\u00f3ria social do pa\u00eds, por\u00e9m, \u00e9 na m\u00fasica que est\u00e1 sua import\u00e2ncia maior, quando, ao lado de contempor\u00e2neos como Joaquim Ant\u00f4nio da Silva Callado Jr, Henrique Alves de Mesquita, Anacleto de Medeiros e Ernesto Nazareth, ajudou a definir os rumos da m\u00fasica produzida no Brasil e a fixar uma r\u00edtmica brasileira, fazendo da sua m\u00fasica, um marco da maior import\u00e2ncia na hist\u00f3ria da M\u00fasica Popular Brasileira. Seu nome tem uma posi\u00e7\u00e3o relevante na hist\u00f3ria da m\u00fasica teatral&nbsp; brasileira.<\/p>\n\n\n\n<p>Al\u00e9m disso, a hist\u00f3ria de vida e as conquistas de Chiquinha Gonzaga, em uma \u00e9poca em que a mulher praticamente n\u00e3o tinha espa\u00e7o na sociedade, demonstraram que garra, perseveran\u00e7a, coragem, amor \u00e0 m\u00fasica e obstina\u00e7\u00e3o em torno de um ideal podem possibilitar ao ser humano grandes conquistas. Sem d\u00favida conhecer essa hist\u00f3ria e conviver com ela me fez considerar esses valores como ideologia e ideal de vida e de rela\u00e7\u00e3o com a m\u00fasica.<\/p>\n\n\n\n<p>Entrevista por&nbsp;Wandrei Braga,<br>Editor do sie CG.com,&nbsp;em outubro de 2015<\/p>\n\n\n\n<p><strong>Resumo biogr\u00e1fico<\/strong><\/p>\n\n\n\n<p>Talitha Peres j\u00e1 se apresentou em Koln, Overath e Bonn (Alemanha), Londres&nbsp;(Inglaterra), Lisboa e Santar\u00e9m (Portugal), Caracas e M\u00e9rida&nbsp;(Venezuela) divulgando a m\u00fasica brasileira e latino-americana. Em junho de 2009 apresentou-se&nbsp;em duo com o soprano Magda Belloti no Pal\u00e1cio Foz em Lisboa (Portugal), homenageando Villa-Lobos no cinq\u00fcenten\u00e1rio de sua morte. Em fevereiro e mar\u00e7o de 2014 se apresentou na Inglaterra&nbsp;em St Martin in the Fields (Londres) e em Portugal, no Pal\u00e1cio Foz (Lisboa), Conservat\u00f3rio de&nbsp;M\u00fasica de Aveiro Calouste Gulbenkian (Aveiro) e Cadeiral do Mosteiro de Arouca (Arouca) em&nbsp;duo com a cantora Niteroiense Magda Belloti, com um repert\u00f3rio totalmente dedicado \u00e0 m\u00fasica&nbsp;Laureada em v\u00e1rios concursos de piano, apresentou-se como concertista e solista de&nbsp;orquestras nas melhores salas de concerto do pa\u00eds.&nbsp;Desenvolveu o trabalho de preparadora e acompanhadora das montagens oper\u00edsticas&nbsp;produzidas pelo CBM, onde tamb\u00e9m participa do seu quadro de professores de piano e m\u00fasica de&nbsp;Como professora da Unimontes (Universidade Estadual de Montes Claros- MG),&nbsp;desenvolveu a pesquisa &#8220;Compositores de Montes Claros e suas obras: Caracter\u00edsticas&nbsp;culturais e est\u00e9tico-estruturais&#8221;.&nbsp;Idealizou e coordena o projeto \u201cEsta\u00e7\u00f5es Musicais na Unimontes\u201d, j\u00e1 na sua 16\u00aa edi\u00e7\u00e3o, e que&nbsp;oferece \u00e0 comunidade montesclarense apresenta\u00e7\u00f5es musicais peri\u00f3dicas, contemplando&nbsp;repert\u00f3rios e tem\u00e1ticas variadas, bem como palestras, workshops, oficinas e masterclasses com&nbsp;m\u00fasicos de reconhecida compet\u00eancia no cen\u00e1rio art\u00edstico da cidade e do pa\u00eds. &nbsp;Atua frequentemente com artistas nacionais e internacionais, tendo se apresentado com&nbsp;Eiko Matsunaga (Jap\u00e3o), Mieczyslaw Milan (Pol\u00f4nia), Maria L\u00facia Godoy (Brasil), Ant\u00f4nio Salgado&nbsp;(Portugal), L\u00edcio Bruno (Brasil), Magda Belloti (Brasil), dentre outros. Do cr\u00edtico Antonio Hernandez do Jornal O Globo: \u201cO piano impec\u00e1vel de Talitha Peres, que&nbsp;vale \u00e0s vezes mais que uma orquestra refinada\u201d.&nbsp;Do cr\u00edtico Carlos Dantas do Jornal Tribuna da Imprensa:\u201d Execu\u00e7\u00e3o l\u00edmpida, com dom\u00ednio&nbsp;do legato e do staccato, dos contrastes t\u00edmbricos (parecendo \u00e0s vezes um quarteto de cordas) e de&nbsp;din\u00e2mica, enfim uma j\u00f3ia, uma gema de alto valor, com finura e t\u00e9cnica de estilo\u201d.<\/p>\n\n\n\n<p><strong>Discografia<\/strong><\/p>\n\n\n\n<ul class=\"wp-block-list\">\n<li><a href=\"http:\/\/chiquinhagonzaga.com\/wp\/loja\/cd-chiquinha-gonzaga-classicos-e-ineditos-por-talitha-peres-piano\/\" target=\"_blank\" rel=\"noreferrer noopener\">Cl\u00e1ssicos e In\u00e9ditos de Chiquinha Gonzaga , piano solo<\/a><\/li>\n\n\n\n<li>A obra de canto de Lorenzo Fernandez, com o soprano Maria Lucia Godoy<\/li>\n\n\n\n<li>Can\u00e7\u00f5es de Alberto Nepomuceno, com o soprano Maria da Gl\u00f3ria Capanema e o tenor<\/li>\n\n\n\n<li>Modinhas Imperiais, com o soprano Maria Lucia Godoy<\/li>\n\n\n\n<li>Can\u00e7\u00f5es de Guerra-Peixe e Osvaldo Lacerda, com o soprano Maria da Gl\u00f3ria Capanema<\/li>\n\n\n\n<li>Paisagens Musicais \u2013obras de Francisco Braga, Alberto Costa e S\u00e9rgio Bittencourt&nbsp;Sampaio , com o soprano Magda Belloti<\/li>\n\n\n\n<li>Can\u00e7\u00f5es de Autores Brasileiros, com o soprano Maria da Gl\u00f3ria Capanema<\/li>\n\n\n\n<li>Can\u00e7\u00f5es de autores Brasileiros n\u00ba 2, com o soprano Maria da Gl\u00f3ria Capanema e o&nbsp;bar\u00edtono Fabrizio Claussen<\/li>\n<\/ul>\n\n\n\n<p><strong>Contato<\/strong>:&nbsp;talithaperes@superig.com.br<\/p>\n","protected":false},"excerpt":{"rendered":"<p>Pioneira nos estudos sobre a&nbsp;obra de Chiquinha Gonzaga, pianista&nbsp;Talitha Peres&nbsp;revela sua hist\u00f3ria com a compositora. Talitha Peres, pianista mineira, de Montes Claros-MG), mestre em&nbsp;musicologia pelo Conservat\u00f3rio Brasileiro de M\u00fasica do Rio de&nbsp;Janeiro- RJ, fez sua forma\u00e7\u00e3o t\u00e9cnica e musical com a Prof\u00aa&nbsp;Marina Lorenzo Fernandez Silva, em Montes Claros, MG. Gravou&nbsp;um CD totalmente dedicado \u00e0 obra [&hellip;]<\/p>\n","protected":false},"author":1,"featured_media":0,"comment_status":"open","ping_status":"open","sticky":false,"template":"","format":"standard","meta":{"footnotes":""},"categories":[203,323],"tags":[],"class_list":["post-3218","post","type-post","status-publish","format-standard","hentry","category-entrevistas","category-exclusivo"],"_links":{"self":[{"href":"https:\/\/chiquinhagonzaga.com\/wp\/wp-json\/wp\/v2\/posts\/3218","targetHints":{"allow":["GET"]}}],"collection":[{"href":"https:\/\/chiquinhagonzaga.com\/wp\/wp-json\/wp\/v2\/posts"}],"about":[{"href":"https:\/\/chiquinhagonzaga.com\/wp\/wp-json\/wp\/v2\/types\/post"}],"author":[{"embeddable":true,"href":"https:\/\/chiquinhagonzaga.com\/wp\/wp-json\/wp\/v2\/users\/1"}],"replies":[{"embeddable":true,"href":"https:\/\/chiquinhagonzaga.com\/wp\/wp-json\/wp\/v2\/comments?post=3218"}],"version-history":[{"count":2,"href":"https:\/\/chiquinhagonzaga.com\/wp\/wp-json\/wp\/v2\/posts\/3218\/revisions"}],"predecessor-version":[{"id":9389,"href":"https:\/\/chiquinhagonzaga.com\/wp\/wp-json\/wp\/v2\/posts\/3218\/revisions\/9389"}],"wp:attachment":[{"href":"https:\/\/chiquinhagonzaga.com\/wp\/wp-json\/wp\/v2\/media?parent=3218"}],"wp:term":[{"taxonomy":"category","embeddable":true,"href":"https:\/\/chiquinhagonzaga.com\/wp\/wp-json\/wp\/v2\/categories?post=3218"},{"taxonomy":"post_tag","embeddable":true,"href":"https:\/\/chiquinhagonzaga.com\/wp\/wp-json\/wp\/v2\/tags?post=3218"}],"curies":[{"name":"wp","href":"https:\/\/api.w.org\/{rel}","templated":true}]}}