{"id":2988,"date":"2015-05-29T00:05:13","date_gmt":"2015-05-29T00:05:13","guid":{"rendered":"http:\/\/chiquinhagonzaga.com\/wp\/?p=2988"},"modified":"2023-05-07T23:50:29","modified_gmt":"2023-05-07T23:50:29","slug":"exclusiva-com-a-pianista-priscila-matos","status":"publish","type":"post","link":"https:\/\/chiquinhagonzaga.com\/wp\/exclusiva-com-a-pianista-priscila-matos\/","title":{"rendered":"Exclusiva com a pianista Priscila Matos"},"content":{"rendered":"\n<p>Priscila Matos, graduanda em Educa\u00e7\u00e3o Musical na UFSCar (Universidade Federal de S\u00e3o Carlos), trabalhou como professora de piano popular do Conservat\u00f3rio Carlos Gomes e foi respons\u00e1vel pelo acompanhamento musical da Escola Associativa Waldorf Veredas nos anos de 2011 e 2012. Ministrou oficinas musicais atrav\u00e9s de projetos aprovados pela ASSAOC Oficinas Culturais Hilda Hilst.<\/p>\n\n\n<div class=\"wp-block-image\">\n<figure class=\"aligncenter size-full\"><img loading=\"lazy\" decoding=\"async\" width=\"400\" height=\"600\" src=\"https:\/\/chiquinhagonzaga.com\/wp\/wp-content\/uploads\/2023\/04\/image-38.png\" alt=\"\" class=\"wp-image-8997\" srcset=\"https:\/\/chiquinhagonzaga.com\/wp\/wp-content\/uploads\/2023\/04\/image-38.png 400w, https:\/\/chiquinhagonzaga.com\/wp\/wp-content\/uploads\/2023\/04\/image-38-200x300.png 200w\" sizes=\"auto, (max-width: 400px) 100vw, 400px\" \/><figcaption class=\"wp-element-caption\">Priscila Matos, pianista<\/figcaption><\/figure>\n<\/div>\n\n\n<p>Pianista e integrante do grupo de choro Conjunto Subindo a Ladeira, Priscila Matos, faz em v\u00eddeo&nbsp;pela primeira vez a valsa de concerto <strong>&#8220;<a rel=\"noreferrer noopener\" href=\"http:\/\/www.chiquinhagonzaga.com\/acervo\/?musica=harmonias-do-coracao\" target=\"_blank\">Harmonias do cora\u00e7\u00e3o<\/a>&#8220;<\/strong>, que permaneceu in\u00e9dita em grava\u00e7\u00e3o at\u00e9 o momento,&nbsp;exclusivamente para o site.<\/p>\n\n\n\n<p><\/p>\n\n\n\n<figure class=\"wp-block-embed is-type-video is-provider-youtube wp-block-embed-youtube wp-embed-aspect-16-9 wp-has-aspect-ratio\"><div class=\"wp-block-embed__wrapper\">\n<iframe loading=\"lazy\" title=\"Priscila Matos - Harmonias do Cora\u00e7\u00e3o (Chiquinha G\" width=\"768\" height=\"432\" src=\"https:\/\/www.youtube.com\/embed\/jGZHH2qEC4s?feature=oembed\" frameborder=\"0\" allow=\"accelerometer; autoplay; clipboard-write; encrypted-media; gyroscope; picture-in-picture; web-share\" allowfullscreen><\/iframe>\n<\/div><\/figure>\n\n\n\n<p><\/p>\n\n\n\n<p><strong>1. Como surgiu o interesse pela m\u00fasica e pelo piano?<\/strong><\/p>\n\n\n\n<p>Bom, quem despertou em mim o interesse pela m\u00fasica foi meu irm\u00e3o mais velho, quando come\u00e7ou a fazer aulas de \u00f3rg\u00e3o. Passei um bom tempo insistindo pra minha m\u00e3e me colocar nas aulas tamb\u00e9m mas eu ainda era muito nova e o professor pediu que esperasse um tempo. Minha m\u00e3e quis me convencer a tocar outro instrumento, talvez viol\u00e3o, mas eu n\u00e3o queria. Comecei as aulas de piano pouco antes de completar 9 anos e a m\u00fasica nunca mais saiu da minha vida. Acabei compondo uma m\u00fasica que dedico a meu irm\u00e3o, chamada \u201cCoisas de inf\u00e2ncia\u201d, que est\u00e1 em meu primeiro CD solo, intitulado \u201cFuturo Tra\u00e7ado\u201d.<\/p>\n\n\n\n<p><strong>2. Em sua forma\u00e7\u00e3o, quando o nome de Chiquinha Gonzaga apareceu?<\/strong><\/p>\n\n\n\n<p>Ainda adolescente, eu conheci o nome da Chiquinha Gonzaga e algumas de suas composi\u00e7\u00f5es mais conhecidas. Aos 20 e poucos anos, ganhei de uma amiga uma pasta com diversas partituras e um pouco da hist\u00f3ria da maestrina. Sempre quis estudar e conhecer melhor essa figura de grandeza da nossa hist\u00f3ria, como se algo me chamasse pra isso, n\u00e3o sei. Somente em 2013, por\u00e9m, \u00e9 que realmente comecei a ler e estudar sua vida e obra, e foi impressionante como me identifiquei com a personalidade da Chiquinha. Nessa \u00e9poca, o Conjunto Subindo a Ladeira j\u00e1 tinha lan\u00e7ado seu primeiro CD e eu insisti para que nosso segundo CD fosse uma homenagem a Chiquinha Gonzaga. Nem precisava insistir, os meninos toparam na hora!<\/p>\n\n\n\n<p><strong>3. Como voc\u00ea v\u00ea essa homenagem a Chiquinha Gonzaga?<\/strong><\/p>\n\n\n\n<p>Chiquinha Gonzaga \u00e9 figura de primeira grandeza na hist\u00f3ria musical brasileira. Uma mulher \u00e0 frente de seu tempo, rompeu barreiras por sua personalidade marcante, que n\u00e3o aceitava facilmente as conven\u00e7\u00f5es sociais da \u00e9poca. S\u00e3o in\u00fameras composi\u00e7\u00f5es, em g\u00eaneros variados como valsas, polcas, tangos, mazurcas, choros, etc. Sua obra merece sempre ser revisitada e trazida de volta \u00e0 cena musical; que \u00e9 a nossa proposta<\/p>\n\n\n\n<p><strong>4. Como foram os preparativos para o CD? Quais os crit\u00e9rios para o repert\u00f3rio?<\/strong><\/p>\n\n\n\n<p>Bom, a vontade j\u00e1 existia! Agora era s\u00f3 come\u00e7ar os trabalhos! Primeiramente, come\u00e7amos a estudar um pouco da vida dela, conhecer melhor at\u00e9 pra entender e absorver melhor sua obra. Depois, entramos no acervo digital do site da Chiquinha e selecionamos umas 50 m\u00fasicas de diversos g\u00eaneros. O pr\u00f3ximo passo foi diminuir esse n\u00famero, selecionando m\u00fasicas que melhor caberiam na extens\u00e3o do bandolim e com tonalidades que soassem mais agrad\u00e1vel\/org\u00e2nico no nosso instrumento solista. Por fim, com muita dificuldade, conseguimos ficar com 6 composi\u00e7\u00f5es para adaptarmos e arranjarmos para a nossa forma\u00e7\u00e3o: piano, bandolim e pandeiro. Parece trabalhoso, mas na verdade foi muito gostoso todo esse processo de sele\u00e7\u00e3o e arranjo.<\/p>\n\n\n\n<p><strong>5. Notamos que h\u00e1 composi\u00e7\u00f5es em homenagem a Chiquinha no CD, h\u00e1 outras composi\u00e7\u00f5es em homenagem a outros compositores fora deste CD?<\/strong><\/p>\n\n\n\n<p>Nosso primeiro CD, lan\u00e7ado em 2012, foi totalmente autoral, com composi\u00e7\u00f5es minhas e de Andr\u00e9 Ribeiro, nosso bandolinista. O CD \u201cHomenagem a Chiquinha Gonzaga\u201d, al\u00e9m das 6 composi\u00e7\u00f5es da maestrina, possui 6 composi\u00e7\u00f5es nossas, feitas exclusivamente para esse trabalho e que dialogam com as pe\u00e7as da nossa homenageada. A inten\u00e7\u00e3o \u00e9 divulgar a obra da Chiquinha bem como um pouco da produ\u00e7\u00e3o atual de Choro.<\/p>\n\n\n\n<p><strong>6. Como surgiu o Conjunto Subindo a Ladeira?<\/strong><\/p>\n\n\n\n<p>Em 2011, eu e Andr\u00e9 formamos um duo de piano e bandolim. Conheci o trabalho da Fernanda Canaud e do Joel Nascimento atrav\u00e9s do CD \u201cValsas brasileiras\u201d e achei muito interessante essa combina\u00e7\u00e3o. Fizemos algumas apresenta\u00e7\u00f5es e compusemos algumas pe\u00e7as, at\u00e9 que tivemos a ideia de chamar nosso querido amigo e grande pandeirista Roberto Amaral, que abra\u00e7ou o projeto na hora! No final desse mesmo ano, resolvemos registrar esse trabalho e gravamos nosso primeiro CD, intitulado \u201cDe Tr\u00eas em Tr\u00eas\u201d (nome da primeira composi\u00e7\u00e3o que eu e Andr\u00e9 fizemos em parceria), lan\u00e7ado em 2012.<\/p>\n\n\n\n<p><strong>7. Qual a rela\u00e7\u00e3o dos demais membros do grupo com Chiquinha Gonzaga?<\/strong><\/p>\n\n\n\n<p>Andr\u00e9 Ribeiro e Roberto Amaral s\u00e3o estudiosos e pesquisadores do repert\u00f3rio de Choro, sobretudo de compositores consagrados. Como Chiquinha Gonzaga \u00e9 uma das precursoras do g\u00eanero, eles naturalmente tinham algum conhecimento do repert\u00f3rio da maestrina.<\/p>\n\n\n\n<p><strong>8. Qual sua opini\u00e3o sobre a obra de Chiquinha Gonzaga? Qual o seu papel em seu repert\u00f3rio musical?<\/strong><\/p>\n\n\n\n<p>Por ser uma das precursoras do g\u00eanero, por sua personalidade marcante, por ter defendido o que \u00e9 genuinamente brasileiro, a linguagem da nossa m\u00fasica e cultura, os direitos autorais, al\u00e9m de ter realizado um trabalho musical \u00edmpar e de qualidade incontest\u00e1vel, Chiquinha Gonzaga, em minha opini\u00e3o, \u00e9 uma das mais importantes figuras da nossa hist\u00f3ria. Dessa forma, acredito que seja fundamental possibilitar ao p\u00fablico em geral o contato com a obra de uma das maiores artistas que o Brasil j\u00e1 teve, divulgando seu nome, bem como o Choro, prim\u00f3rdio de nossa m\u00fasica popular urbana e que, infelizmente, n\u00e3o \u00e9 difundido na grande m\u00eddia.&nbsp;Certamente, e principalmente ap\u00f3s estudar sua vida e obra, as composi\u00e7\u00f5es da Chiquinha Gonzaga estar\u00e3o sempre presentes em meu repert\u00f3rio e no do Conjunto Subindo a Ladeira. Viva o Choro! Viva a m\u00fasica popular brasileira! Viva Chiquinha Gonzaga!<\/p>\n\n\n\n<p class=\"has-text-align-right\">Entrevista realizada em maio de 2015<\/p>\n\n\n\n<p><strong>V\u00eddeo<br><\/strong><a rel=\"noreferrer noopener\" href=\"http:\/\/www.chiquinhagonzaga.com\/acervo\/?musica=janniquinha&amp;post_id=1652\" target=\"_blank\">Janniquinha<\/a>, schottisch de Chiquinha Gonzaga<br>Priscila Matos, piano<\/p>\n\n\n\n<figure class=\"wp-block-embed is-type-video is-provider-youtube wp-block-embed-youtube wp-embed-aspect-16-9 wp-has-aspect-ratio\"><div class=\"wp-block-embed__wrapper\">\n<iframe loading=\"lazy\" title=\"Priscila Matos - Janniquinha (Chiquinha Gonzaga)\" width=\"768\" height=\"432\" src=\"https:\/\/www.youtube.com\/embed\/0DbxoiFuDJ4?feature=oembed\" frameborder=\"0\" allow=\"accelerometer; autoplay; clipboard-write; encrypted-media; gyroscope; picture-in-picture; web-share\" allowfullscreen><\/iframe>\n<\/div><\/figure>\n\n\n\n<p><strong>Resumo biogr\u00e1fico&nbsp;<\/strong><\/p>\n\n\n\n<p>Logo no in\u00edcio de seus estudos musicais, em 1992, foi convidada a gravar um especial ao dia das crian\u00e7as no programa de TV \u201cPedrito Barreto\u201d, em Aracaju-SE. Nos anos de 2000 e 2001 participou do evento \u201cMC Dia Feliz\u201d como pianista, em parceria com a violinista Ariane Salgado em Natal\/RN. Na mesma Cidade, j\u00e1 dividiu palco com diversos artistas de renome como Ticiano D&#8217;Amore, Juliano Jow Ferreira, Marco da Costa, Darlan Marley, Paulo C\u00e9sar, Paulinho Milton, dentre outros, tendo sido integrante de importantes bandas no cen\u00e1rio musical potiguar como o Seu Z\u00e9 e o grupo Macaxeira Jazz.<\/p>\n\n\n\n<p>Em 2008, j\u00e1 em Campinas-SP, formou o grupo \u201cPriscila Matos Quinteto\u201d, trabalho autoral de samba e ritmos nordestinos com grandes m\u00fasicos da regi\u00e3o: Edu Guimar\u00e3es (sanfona), Felipe Siles (teclado), Caio Bertazolli (bateria) e Leonardo Fran\u00e7a (baixo), tendo participado do 10\u00ba Festival do Instituto de Artes da Unicamp em 2009 (FEIA 10).<\/p>\n\n\n\n<p>Em sua forma\u00e7\u00e3o musical, al\u00e9m da UFSCar, foi aluna da Academia de m\u00fasica Carlos Gomes (Aracaju-SE), Instituto de M\u00fasica Waldemar de Almeida (Natal-RN) e tamb\u00e9m concluiu o curso de Harmonia Funcional e Improvisa\u00e7\u00e3o da Escola de M\u00fasica da Universidade Federal do Rio Grande do Norte (UFRN), ministrado pelo professor Manoca Barreto.<\/p>\n\n\n\n<p>Atualmente, tem dedicado&nbsp;maior parte de seus trabalhos ao Conjunto Subindo a Ladeira, grupo este que gravou seu primeiro CD no in\u00edcio de 2012 e procura divulgar o Choro, nosso primeiro g\u00eanero musical, genuinamente brasileiro, tendo gravado seu segundo <a href=\"http:\/\/chiquinhagonzaga.com\/wp\/conjunto-subindo-a-ladeira-grava-cd-em-homenagem-a-chiquinha-gonzaga-e-e-selecionado-para-se-apresentar-em-londres\/\" target=\"_blank\" rel=\"noreferrer noopener\">CD &#8220;Homenagem \u00e0 Chiquinha Gonzaga&#8221;<\/a> em 2014, e ao seu trabalho solo como pianista e cantora, tendo gravado o CD &#8220;Futuro Tra\u00e7ado&#8221; tamb\u00e9m em 2014.<\/p>\n\n\n\n<p>Contato: musicapriscilamatos@gmail.com<\/p>\n\n\n<p style=\"padding-left: 30px; text-align: right;\"><\/p>","protected":false},"excerpt":{"rendered":"<p>Priscila Matos, graduanda em Educa\u00e7\u00e3o Musical na UFSCar (Universidade Federal de S\u00e3o Carlos), trabalhou como professora de piano popular do Conservat\u00f3rio Carlos Gomes e foi respons\u00e1vel pelo acompanhamento musical da Escola Associativa Waldorf Veredas nos anos de 2011 e 2012. Ministrou oficinas musicais atrav\u00e9s de projetos aprovados pela ASSAOC Oficinas Culturais Hilda Hilst. Pianista e [&hellip;]<\/p>\n","protected":false},"author":1,"featured_media":0,"comment_status":"open","ping_status":"open","sticky":false,"template":"","format":"standard","meta":{"footnotes":""},"categories":[203,323],"tags":[],"class_list":["post-2988","post","type-post","status-publish","format-standard","hentry","category-entrevistas","category-exclusivo"],"_links":{"self":[{"href":"https:\/\/chiquinhagonzaga.com\/wp\/wp-json\/wp\/v2\/posts\/2988","targetHints":{"allow":["GET"]}}],"collection":[{"href":"https:\/\/chiquinhagonzaga.com\/wp\/wp-json\/wp\/v2\/posts"}],"about":[{"href":"https:\/\/chiquinhagonzaga.com\/wp\/wp-json\/wp\/v2\/types\/post"}],"author":[{"embeddable":true,"href":"https:\/\/chiquinhagonzaga.com\/wp\/wp-json\/wp\/v2\/users\/1"}],"replies":[{"embeddable":true,"href":"https:\/\/chiquinhagonzaga.com\/wp\/wp-json\/wp\/v2\/comments?post=2988"}],"version-history":[{"count":5,"href":"https:\/\/chiquinhagonzaga.com\/wp\/wp-json\/wp\/v2\/posts\/2988\/revisions"}],"predecessor-version":[{"id":9390,"href":"https:\/\/chiquinhagonzaga.com\/wp\/wp-json\/wp\/v2\/posts\/2988\/revisions\/9390"}],"wp:attachment":[{"href":"https:\/\/chiquinhagonzaga.com\/wp\/wp-json\/wp\/v2\/media?parent=2988"}],"wp:term":[{"taxonomy":"category","embeddable":true,"href":"https:\/\/chiquinhagonzaga.com\/wp\/wp-json\/wp\/v2\/categories?post=2988"},{"taxonomy":"post_tag","embeddable":true,"href":"https:\/\/chiquinhagonzaga.com\/wp\/wp-json\/wp\/v2\/tags?post=2988"}],"curies":[{"name":"wp","href":"https:\/\/api.w.org\/{rel}","templated":true}]}}