{"id":11022,"date":"1999-01-01T18:00:00","date_gmt":"1999-01-01T18:00:00","guid":{"rendered":"https:\/\/chiquinhagonzaga.com\/wp\/?p=11022"},"modified":"2025-05-21T16:01:08","modified_gmt":"2025-05-21T16:01:08","slug":"programa-de-ca-pra-la-chiquinha-gonzaga","status":"publish","type":"post","link":"https:\/\/chiquinhagonzaga.com\/wp\/programa-de-ca-pra-la-chiquinha-gonzaga\/","title":{"rendered":"Programa De C\u00e1 Pra L\u00e1: Chiquinha Gonzaga"},"content":{"rendered":"\n<p>O &#8220;De C\u00e1 Pra L\u00e1&#8221; \u00e9 um programa que destaca a cultura e os acontecimentos da di\u00e1spora, recebendo convidados diversos, incluindo figuras p\u00fablicas e artistas.<\/p>\n\n\n\n<p>Apresenta\u00e7\u00e3o: Ancelmo Gois e Vera Barroso<\/p>\n\n\n\n<p>Participa\u00e7\u00f5es: biografa de Chiquinha Gonzaga <a href=\"https:\/\/chiquinhagonzaga.com\/wp\/edinha-diniz\/\" data-type=\"post\" data-id=\"39\">Edinha Diniz<\/a>, pianista <a href=\"https:\/\/chiquinhagonzaga.com\/wp\/clara-sverner\/\" data-type=\"post\" data-id=\"42\">Clara Sverner<\/a>, pesquisadora Shuma Schumcher, carnavalesca Rosa Magalh\u00e3es e a atriz <a href=\"https:\/\/chiquinhagonzaga.com\/wp\/rosamaria-murtinho-atriz\/\" data-type=\"post\" data-id=\"99\">Rosamaria Murtinho<\/a>.<\/p>\n\n\n\n<figure class=\"wp-block-embed is-type-video is-provider-youtube wp-block-embed-youtube wp-embed-aspect-16-9 wp-has-aspect-ratio\"><div class=\"wp-block-embed__wrapper\">\n<iframe loading=\"lazy\" title=\"De L\u00e1 pra C\u00e1: Chiquinha Gonzaga, 2009\" width=\"768\" height=\"432\" src=\"https:\/\/www.youtube.com\/embed\/KO0nhU7UIVg?feature=oembed\" frameborder=\"0\" allow=\"accelerometer; autoplay; clipboard-write; encrypted-media; gyroscope; picture-in-picture; web-share\" referrerpolicy=\"strict-origin-when-cross-origin\" allowfullscreen><\/iframe>\n<\/div><\/figure>\n","protected":false},"excerpt":{"rendered":"<p>O &#8220;De C\u00e1 Pra L\u00e1&#8221; \u00e9 um programa que destaca a cultura e os acontecimentos da di\u00e1spora, recebendo convidados diversos, incluindo figuras p\u00fablicas e artistas. Apresenta\u00e7\u00e3o: Ancelmo Gois e Vera Barroso Participa\u00e7\u00f5es: biografa de Chiquinha Gonzaga Edinha Diniz, pianista Clara Sverner, pesquisadora Shuma Schumcher, carnavalesca Rosa Magalh\u00e3es e a atriz Rosamaria Murtinho.<\/p>\n","protected":false},"author":1,"featured_media":0,"comment_status":"open","ping_status":"open","sticky":false,"template":"","format":"standard","meta":{"footnotes":""},"categories":[365,363],"tags":[],"class_list":["post-11022","post","type-post","status-publish","format-standard","hentry","category-programa-tv","category-videoteca"],"_links":{"self":[{"href":"https:\/\/chiquinhagonzaga.com\/wp\/wp-json\/wp\/v2\/posts\/11022","targetHints":{"allow":["GET"]}}],"collection":[{"href":"https:\/\/chiquinhagonzaga.com\/wp\/wp-json\/wp\/v2\/posts"}],"about":[{"href":"https:\/\/chiquinhagonzaga.com\/wp\/wp-json\/wp\/v2\/types\/post"}],"author":[{"embeddable":true,"href":"https:\/\/chiquinhagonzaga.com\/wp\/wp-json\/wp\/v2\/users\/1"}],"replies":[{"embeddable":true,"href":"https:\/\/chiquinhagonzaga.com\/wp\/wp-json\/wp\/v2\/comments?post=11022"}],"version-history":[{"count":4,"href":"https:\/\/chiquinhagonzaga.com\/wp\/wp-json\/wp\/v2\/posts\/11022\/revisions"}],"predecessor-version":[{"id":11026,"href":"https:\/\/chiquinhagonzaga.com\/wp\/wp-json\/wp\/v2\/posts\/11022\/revisions\/11026"}],"wp:attachment":[{"href":"https:\/\/chiquinhagonzaga.com\/wp\/wp-json\/wp\/v2\/media?parent=11022"}],"wp:term":[{"taxonomy":"category","embeddable":true,"href":"https:\/\/chiquinhagonzaga.com\/wp\/wp-json\/wp\/v2\/categories?post=11022"},{"taxonomy":"post_tag","embeddable":true,"href":"https:\/\/chiquinhagonzaga.com\/wp\/wp-json\/wp\/v2\/tags?post=11022"}],"curies":[{"name":"wp","href":"https:\/\/api.w.org\/{rel}","templated":true}]}}